{"id":3122,"date":"2020-10-16T11:16:48","date_gmt":"2020-10-16T10:16:48","guid":{"rendered":"http:\/\/paz-a-pas.ensfea.fr\/?p=3122"},"modified":"2020-10-16T11:25:44","modified_gmt":"2020-10-16T10:25:44","slug":"eduquer-aux-risques-professionnels","status":"publish","type":"post","link":"https:\/\/paz-a-pas.ensfea.fr\/?p=3122","title":{"rendered":"\u00c9duquer aux risques professionnels"},"content":{"rendered":"\n<p>Un s\u00e9minaire national \u00ab\u00a0<strong>\u00c9duquer aux risques professionnels : Passer des normes aux actes<\/strong>\u00a0\u00bb s&rsquo;est d\u00e9roul\u00e9 \u00e0 distance le 1er octobre 2020. Vous pouvez acc\u00e9der \u00e0 l&rsquo;ensemble des pr\u00e9sentations ainsi qu&rsquo;au guide d&rsquo;accompagnement \u00e0 l&rsquo;\u00e9ducation aux risques professionnels r\u00e9alis\u00e9 par Agrosup Dijon et le r\u00e9seau Sant\u00e9 et S\u00e9curit\u00e9 au Travail \u00e0 partir du lien ci-dessous :<\/p>\n\n\n\n<p><a href=\"https:\/\/chlorofil.fr\/actions\/sante\/sst\/ressources\/eduquer-risques-pro\">https:\/\/chlorofil.fr\/actions\/sante\/sst\/ressources\/eduquer-risques-pro<\/a><\/p>\n","protected":false},"excerpt":{"rendered":"<p>Un s\u00e9minaire national \u00ab\u00a0\u00c9duquer aux risques professionnels : Passer des normes aux actes\u00a0\u00bb s&rsquo;est d\u00e9roul\u00e9 \u00e0 distance le 1er octobre [&hellip;]<\/p>\n","protected":false},"author":49,"featured_media":3125,"comment_status":"open","ping_status":"open","sticky":true,"template":"","format":"standard","meta":{"footnotes":""},"categories":[16],"tags":[],"class_list":["post-3122","post","type-post","status-publish","format-standard","has-post-thumbnail","hentry","category-securite"],"_links":{"self":[{"href":"https:\/\/paz-a-pas.ensfea.fr\/index.php?rest_route=\/wp\/v2\/posts\/3122","targetHints":{"allow":["GET"]}}],"collection":[{"href":"https:\/\/paz-a-pas.ensfea.fr\/index.php?rest_route=\/wp\/v2\/posts"}],"about":[{"href":"https:\/\/paz-a-pas.ensfea.fr\/index.php?rest_route=\/wp\/v2\/types\/post"}],"author":[{"embeddable":true,"href":"https:\/\/paz-a-pas.ensfea.fr\/index.php?rest_route=\/wp\/v2\/users\/49"}],"replies":[{"embeddable":true,"href":"https:\/\/paz-a-pas.ensfea.fr\/index.php?rest_route=%2Fwp%2Fv2%2Fcomments&post=3122"}],"version-history":[{"count":1,"href":"https:\/\/paz-a-pas.ensfea.fr\/index.php?rest_route=\/wp\/v2\/posts\/3122\/revisions"}],"predecessor-version":[{"id":3123,"href":"https:\/\/paz-a-pas.ensfea.fr\/index.php?rest_route=\/wp\/v2\/posts\/3122\/revisions\/3123"}],"wp:featuredmedia":[{"embeddable":true,"href":"https:\/\/paz-a-pas.ensfea.fr\/index.php?rest_route=\/wp\/v2\/media\/3125"}],"wp:attachment":[{"href":"https:\/\/paz-a-pas.ensfea.fr\/index.php?rest_route=%2Fwp%2Fv2%2Fmedia&parent=3122"}],"wp:term":[{"taxonomy":"category","embeddable":true,"href":"https:\/\/paz-a-pas.ensfea.fr\/index.php?rest_route=%2Fwp%2Fv2%2Fcategories&post=3122"},{"taxonomy":"post_tag","embeddable":true,"href":"https:\/\/paz-a-pas.ensfea.fr\/index.php?rest_route=%2Fwp%2Fv2%2Ftags&post=3122"}],"curies":[{"name":"wp","href":"https:\/\/api.w.org\/{rel}","templated":true}]}}